{"id":987,"date":"2019-07-13T09:00:13","date_gmt":"2019-07-13T07:00:13","guid":{"rendered":"http:\/\/www.perfectbook.it\/readyourlife\/?p=987"},"modified":"2019-07-12T10:27:33","modified_gmt":"2019-07-12T08:27:33","slug":"la-mia-lingua-come-canetti","status":"publish","type":"post","link":"https:\/\/www.perfectbook.it\/readyourlife\/attraverso-lo-specchio\/la-mia-lingua-come-canetti","title":{"rendered":"#lamialinguacomeCanetti"},"content":{"rendered":"\n<p>Un bimbo nella Vienna d\u2019inizio secolo, trascorre parte del suo tempo con una giovane governante, abituata a incontrarsi con il fidanzato mentre esce a passeggio, durante le ore di lavoro.<\/p>\n\n\n\n<p>Di quegli incontri nessuno deve sapere niente, soprattutto i genitori del bimbo, pena una terribile punizione: il taglio della lingua con le forbici. Quel bimbo, che si chiama Elias Canetti, non soltanto obbedir\u00e0 alle minacce del fidanzato della governante, ma conserver\u00e0 per tutta la vita il pericolo di perdere la lingua fino al punto da vivere nell\u2019ossessione di rimanere muto. Ma sar\u00e0 questa ossessione a dargli la spinta per una vocazione che ha a che fare con la lingua, cio\u00e8 con le parole, e che lo porter\u00e0 a diventare scrittore.<\/p>\n\n\n\n<p>Il piccolo Canetti non lo sapeva, ma deve tutto alla governante e al suo rozzo fidanzato se negli anni successivi sarebbe arrivato a vincere, cos\u00ec come avvenne nel 1981, il Premio Nobel della Letteratura. Il suo libro, che sarebbe stato pubblicato con il titolo <em><a rel=\"noreferrer noopener\" aria-label=\"La lingua salvata  (opens in a new tab)\" href=\"https:\/\/amzn.to\/2XETBMF\" target=\"_blank\">La lingua salvata<\/a><\/em><a rel=\"noreferrer noopener\" aria-label=\"La lingua salvata  (opens in a new tab)\" href=\"https:\/\/amzn.to\/2XETBMF\" target=\"_blank\"> <\/a>(1977), avrebbe fatto di Canetti uno dei maestri della letteratura europea del Novecento. In quel libro autobiografico c\u2019\u00e8 tutta la storia di una vocazione, ma anche la vicenda di una famiglia ebrea, di una citt\u00e0, di una nazione. \u00c8 un libro costruito per strati e dove lo scrittore continua a nascondersi dietro questo episodio, all\u2019apparenza marginale e tuttavia fondamentale per il suo destino.<\/p>\n\n\n\n<p>Mentre lo leggevo, io ci trovavo gli ambienti di una Vienna scura e invernale, una citt\u00e0 che nella mia immaginazione poteva somigliare alla Praga di Kafka: buia perch\u00e9 invernale, con gli appartamenti dai balconi chiusi da tende impolverate, persiane chiuse, pavimenti di legno. Le voci di questa citt\u00e0 arrivavano ovattate dal maltempo, come se le nubi d\u2019acqua pesassero cos\u00ec tanto da desiderare di posarsi sulla terra e restarci.<\/p>\n\n\n\n<p>Proprio in quei giorni mi stavo preparando a partire per Milano, dove mi sarei iscritto all\u2019universit\u00e0, e l\u2019immagine di Milano coincideva con quella di Vienna o di Praga: una citt\u00e0 di un\u2019Europa senza luce, sufficientemente predisposta all\u2019organizzazione delle giornate, ma lontana dal mondo in cui mi ero formato, lontana da quello che chiamavo \u201ccasa\u201d e che era nulla pi\u00f9 di un\u2019appartenenza fugace, un segmento di un tempo che era stato pieno di parole e che poi a un certo punto si era fatto inaccessibile e muto.<\/p>\n\n\n\n<p>La lingua di Canetti si era salvata dalle forbici, le sue parole non si erano perdute: questo a me importava. E questo restituiva anche a me la speranza che, malgrado avessi perso il pericolo di perderla, anch\u2019io, come lui, avrei avuto una mia lingua da salvare, magari a costo di fuggire dal luogo dov\u2019ero nato, fuggire per sempre, allontanarmi dal pericolo di finire sotto minaccia, come il piccolo Elias, e di non poterlo dire pi\u00f9 a nessuno.<\/p>\n","protected":false},"excerpt":{"rendered":"<p>Un bimbo nella Vienna d\u2019inizio secolo, trascorre parte del suo tempo con una giovane governante,&#8230;<\/p>\n<div class=\"more-link-wrapper\"><a class=\"more-link\" href=\"https:\/\/www.perfectbook.it\/readyourlife\/attraverso-lo-specchio\/la-mia-lingua-come-canetti\">Leggi l&#039;articolo<span class=\"screen-reader-text\">#lamialinguacomeCanetti<\/span><\/a><\/div>\n","protected":false},"author":4,"featured_media":991,"comment_status":"open","ping_status":"open","sticky":false,"template":"","format":"standard","meta":{"_monsterinsights_skip_tracking":false,"_monsterinsights_sitenote_active":false,"_monsterinsights_sitenote_note":"","_monsterinsights_sitenote_category":0,"_uf_show_specific_survey":0,"_uf_disable_surveys":false,"footnotes":""},"categories":[4],"tags":[754,752,173,756,753,757,755,751],"class_list":["post-987","post","type-post","status-publish","format-standard","has-post-thumbnail","hentry","category-attraverso-lo-specchio","tag-canetti","tag-elias-canetti","tag-kafka","tag-la-lingua-salvata","tag-lingua","tag-praga","tag-premio-nobel-della-letteratura","tag-vienna","excerpt","zoom","full-without-featured","even","excerpt-0"],"aioseo_notices":[],"views":1175,"_links":{"self":[{"href":"https:\/\/www.perfectbook.it\/readyourlife\/wp-json\/wp\/v2\/posts\/987","targetHints":{"allow":["GET"]}}],"collection":[{"href":"https:\/\/www.perfectbook.it\/readyourlife\/wp-json\/wp\/v2\/posts"}],"about":[{"href":"https:\/\/www.perfectbook.it\/readyourlife\/wp-json\/wp\/v2\/types\/post"}],"author":[{"embeddable":true,"href":"https:\/\/www.perfectbook.it\/readyourlife\/wp-json\/wp\/v2\/users\/4"}],"replies":[{"embeddable":true,"href":"https:\/\/www.perfectbook.it\/readyourlife\/wp-json\/wp\/v2\/comments?post=987"}],"version-history":[{"count":2,"href":"https:\/\/www.perfectbook.it\/readyourlife\/wp-json\/wp\/v2\/posts\/987\/revisions"}],"predecessor-version":[{"id":989,"href":"https:\/\/www.perfectbook.it\/readyourlife\/wp-json\/wp\/v2\/posts\/987\/revisions\/989"}],"wp:featuredmedia":[{"embeddable":true,"href":"https:\/\/www.perfectbook.it\/readyourlife\/wp-json\/wp\/v2\/media\/991"}],"wp:attachment":[{"href":"https:\/\/www.perfectbook.it\/readyourlife\/wp-json\/wp\/v2\/media?parent=987"}],"wp:term":[{"taxonomy":"category","embeddable":true,"href":"https:\/\/www.perfectbook.it\/readyourlife\/wp-json\/wp\/v2\/categories?post=987"},{"taxonomy":"post_tag","embeddable":true,"href":"https:\/\/www.perfectbook.it\/readyourlife\/wp-json\/wp\/v2\/tags?post=987"}],"curies":[{"name":"wp","href":"https:\/\/api.w.org\/{rel}","templated":true}]}}