{"id":1508,"date":"2026-03-16T09:00:00","date_gmt":"2026-03-16T08:00:00","guid":{"rendered":"https:\/\/www.perfectbook.it\/readyourlife\/?p=1508"},"modified":"2026-03-15T11:36:12","modified_gmt":"2026-03-15T10:36:12","slug":"perfectbook-incontra-aboca-edizioni","status":"publish","type":"post","link":"https:\/\/www.perfectbook.it\/readyourlife\/incroci-letterari\/perfectbook-incontra-aboca-edizioni","title":{"rendered":"PerfectBook incontra Aboca Edizioni"},"content":{"rendered":"\n<p>Ogni casa editrice compie scelte editoriali che costruiscono un filo rosso volto a dettarne l&#8217;identit\u00e0. Quando poi queste scelte affondano le radici in un pensiero che travalica questioni narrative e di immagine per comporre una filosofia che \u00e8 anche punto di osservazione ben definito sul mondo, allora quella linea editoriale racconta molto pi\u00f9 di ci\u00f2 che i singoli titoli possono fare autonomamente. Cos\u00ec \u00e8 per <a href=\"https:\/\/abocaedizioni.it\/\" target=\"_blank\" rel=\"noopener\" title=\"Aboca Edizioni\">Aboca Edizioni<\/a>, che unisce il sapere legato al mondo vegetale e naturale, alla salute e alla sostenibilit\u00e0 a una visione fortemente orientata al legame tra uomo e natura. Cos\u00ec, per la nostra rubrica <a href=\"https:\/\/www.perfectbook.it\/readyourlife\/category\/incroci-letterari\" target=\"_blank\" rel=\"noopener\" title=\"\">Incroci letterari<\/a>, questa volta abbiamo intervistato un &#8220;addetto ai lavori&#8221;, <strong>Daniele Pasquini<\/strong>, ufficio stampa e comunicazione della casa editrice, per farci raccontare soprattutto come \u00e8 nata la bella collana <strong>Il bosco degli scrittori<\/strong>. Sotto questo nome, gi\u00e0 molto evocativo, si raggruppano storie che ruotano attorno a un albero e che come lui hanno radici affondate nel terreno umano e braccia rivolute al futuro capaci di accogliere i cambiamenti. <\/p>\n\n\n\n<figure class=\"wp-block-image size-large\"><a href=\"https:\/\/www.perfectbook.it\/readyourlife\/wp-content\/uploads\/2026\/03\/bosco-scrittori-scaled.jpg\"><img loading=\"lazy\" decoding=\"async\" width=\"1024\" height=\"771\" src=\"https:\/\/www.perfectbook.it\/readyourlife\/wp-content\/uploads\/2026\/03\/bosco-scrittori-1024x771.jpg\" alt=\"\" class=\"wp-image-1513\" srcset=\"https:\/\/www.perfectbook.it\/readyourlife\/wp-content\/uploads\/2026\/03\/bosco-scrittori-1024x771.jpg 1024w, https:\/\/www.perfectbook.it\/readyourlife\/wp-content\/uploads\/2026\/03\/bosco-scrittori-300x226.jpg 300w, https:\/\/www.perfectbook.it\/readyourlife\/wp-content\/uploads\/2026\/03\/bosco-scrittori-768x578.jpg 768w, https:\/\/www.perfectbook.it\/readyourlife\/wp-content\/uploads\/2026\/03\/bosco-scrittori-1536x1157.jpg 1536w, https:\/\/www.perfectbook.it\/readyourlife\/wp-content\/uploads\/2026\/03\/bosco-scrittori-2048x1542.jpg 2048w, https:\/\/www.perfectbook.it\/readyourlife\/wp-content\/uploads\/2026\/03\/bosco-scrittori-640x482.jpg 640w\" sizes=\"auto, (max-width: 1024px) 100vw, 1024px\" \/><\/a><\/figure>\n\n\n\n<p><strong>Come \u00e8 nata la collana Il bosco degli scrittori e come si inserisce nel vostro catalogo che \u00e8 gi\u00e0 cos\u00ec fortemente ben connotato?<\/strong><br><br>La collana \u00e8 nata nel 2019 su intuizione del nostro direttore editoriale, Antonio Riccardi. L&#8217;idea di fondo \u00e8 che ogni autore trova, in un modo o nell&#8217;altro, ispirazione nel mondo vegetale: tutti gli scrittori hanno un albero, una pianta, un giardino o un bosco a cui sono legati. Che sia reale o simbolico, visto o immaginato. Da qui l&#8217;idea di aprire il catalogo della casa editrice &#8211; prettamente dedicato alla saggistica &#8211; a una linea di narrativa, in cui importanti autori e autrici del nostro panorama letterario potessero raccontare storie che esplorassero, in modo libero e originale, quella che \u00e8 la relazione tra noi umani e il Pianeta in cui abitiamo.<\/p>\n\n\n\n<p><strong>Questa collana risponde forse anche all&#8217;esigenza di accompagnare il lettore (soprattutto chi magari vi conosce meno) nell&#8217;osservazione del mondo circostante partendo dall&#8217;importanza degli alberi intorno a s\u00e9?<\/strong><br><br>\u00c8 cos\u00ec: i romanzi e i racconti di questa collana fanno luce su una relazione profonda, e ciascuno lo fa in modo diverso e imprevedibile. Vi sono testi che hanno raccontato storie di chiara matrice ecologica, altri si sono affidati alla mitologia, altri ancora hanno il sapore del memoir o del romanzo storico. A prescindere dalla modalit\u00e0, ogni libro della collana pu\u00f2 aiutare i lettori a pensare gli alberi come esseri viventi fondamentali per le nostre esistenze, non solo apparati ornamentali.<\/p>\n\n\n\n<p><strong>Come avviene la scelta dei testi da inserire nella collana e quanto conta il rapporto dell&#8217;autore con l&#8217;albero o la natura?<\/strong><br><br>\u00c8 una collana su &#8220;invito&#8221;. Il team editoriale lancia la sfida ad autori o autrici dal curriculum letterario ben consolidato e che, nella loro opera o nella loro sensibilit\u00e0, hanno gi\u00e0 dimostrato una certa attenzione verso questi temi. Quel che accade dopo \u00e8 &#8220;magico&#8221;, perch\u00e9 ciascun autore risponde secondo la propria cifra stilistica. Non c&#8217;\u00e8 un romanzo che somiglia all&#8217;altro, ciascun libro della serie \u00e8 profondamente originale.<br><br><strong>Quale \u00e8 un titolo a cui siete particolarmente legati e perch\u00e9?<\/strong><br><br><a href=\"https:\/\/www.amazon.it\/cedro-del-Libano-Raffaella-Romagnolo\/dp\/8855232177\/ref=sr_1_1?__mk_it_IT=%C3%85M%C3%85%C5%BD%C3%95%C3%91&amp;crid=ISIB1ILK7PUS&amp;dib=eyJ2IjoiMSJ9.bppK6fjKR5FRjJXF_PLOaV0ROVTPJMNAZ5gPD4lEEvTIQIbA2KlORpkBXtXhfZOWbqn3FnxsGKEES5EJyleGCnkO8tmpDrpSWqN2jKxlLUGPCNd-z3qOEpJ5-JxrJbhJ.mA5jRl1VOxed-u1-rmlDQatTbANNMhNaZuip3y9BMfI&amp;dib_tag=se&amp;keywords=il+cedro+del+libano&amp;qid=1773570573&amp;s=books&amp;sprefix=il+cedro+del+libano%2Cstripbooks%2C270&amp;sr=1-1\" target=\"_blank\" rel=\"noopener\" title=\"\">Il cedro del Libano<\/a> di Raffaella Romagnolo, una raccolta di quattro racconti tutti incentrati sull&#8217;albero di cedro, che ha vinto la prima edizione del Premio Campiello Natura. \u00c8 stata una grande soddisfazione, per noi e per l&#8217;autrice, e la conferma che il lavoro svolto con Il bosco degli scrittori stava andando nella giusta direzione.<br><br><strong>La veste grafica della copertina \u00e8 di sicuro un valore aggiunto: sono tutte molto belle e si prestano a formare una sorta di collezione di alberi nella libreria del lettore. C&#8217;\u00e8 qualche albero che sperate di poter aggiungere presto alla raccolta?<\/strong><br><br>Difficile scegliere un albero soltanto! Le specie vegetali censite sul nostro Pianeta sono oltre 350.000, direi che c&#8217;\u00e8 materiale sufficiente per immaginare un&#8217;infinit\u00e0 di storie.<\/p>\n\n\n\n<figure class=\"wp-block-image size-large\"><a href=\"https:\/\/www.perfectbook.it\/readyourlife\/wp-content\/uploads\/2026\/03\/aboca-3.jpg\"><img loading=\"lazy\" decoding=\"async\" width=\"1024\" height=\"569\" src=\"https:\/\/www.perfectbook.it\/readyourlife\/wp-content\/uploads\/2026\/03\/aboca-3-1024x569.jpg\" alt=\"\" class=\"wp-image-1514\" srcset=\"https:\/\/www.perfectbook.it\/readyourlife\/wp-content\/uploads\/2026\/03\/aboca-3-1024x569.jpg 1024w, https:\/\/www.perfectbook.it\/readyourlife\/wp-content\/uploads\/2026\/03\/aboca-3-300x167.jpg 300w, https:\/\/www.perfectbook.it\/readyourlife\/wp-content\/uploads\/2026\/03\/aboca-3-768x427.jpg 768w, https:\/\/www.perfectbook.it\/readyourlife\/wp-content\/uploads\/2026\/03\/aboca-3-1536x854.jpg 1536w, https:\/\/www.perfectbook.it\/readyourlife\/wp-content\/uploads\/2026\/03\/aboca-3-640x356.jpg 640w, https:\/\/www.perfectbook.it\/readyourlife\/wp-content\/uploads\/2026\/03\/aboca-3.jpg 1920w\" sizes=\"auto, (max-width: 1024px) 100vw, 1024px\" \/><\/a><\/figure>\n\n\n\n<p><br><strong>Quali frutti sono nati dal seme di questa nuova collana che appare come un ibrido narrativo?<\/strong><\/p>\n\n\n\n<p>Dalla collana editoriale \u00e8 poi nato un grande progetto che da alcuni anni realizziamo al <a href=\"https:\/\/www.salonelibro.it\/\" target=\"_blank\" rel=\"noopener\" title=\"\">Salone Internazionale del Libro di Torino<\/a>. Aboca, anzich\u00e9 un normale stand, realizza un vero bosco &#8211; chiamato appunto Il bosco degli scrittori &#8211; che d\u00e0 concretezza alla metafora alla base dei nostri libri: uno spazio arboreo che diventa un punto di incontro per tutti coloro che, in ambito editoriale, hanno a cuore i temi dell&#8217;ecologia, della divulgazione scientifica, della cultura della biodiversit\u00e0. All&#8217;interno del padiglione Oval allestiamo un grande spazio verde, circa 400mq, fatto da migliaia di piante viventi. Oltre al nostro catalogo, il Bosco ospita infatti un auditorium immerso nel verde, un&#8217;arena vegetale che ospita per cinque giorni decine di presentazioni di libri: un punto di riferimento per tutti gli autori &#8211; non solo i nostri! &#8211; che con le loro opere contribuiscono al dibattito sulle tematiche pi\u00f9 urgenti della nostra contemporaneit\u00e0.<\/p>\n\n\n\n<figure class=\"wp-block-image size-large\"><a href=\"https:\/\/www.perfectbook.it\/readyourlife\/wp-content\/uploads\/2026\/03\/aboca-1.jpg\"><img loading=\"lazy\" decoding=\"async\" width=\"1024\" height=\"683\" src=\"https:\/\/www.perfectbook.it\/readyourlife\/wp-content\/uploads\/2026\/03\/aboca-1-1024x683.jpg\" alt=\"\" class=\"wp-image-1515\" srcset=\"https:\/\/www.perfectbook.it\/readyourlife\/wp-content\/uploads\/2026\/03\/aboca-1-1024x683.jpg 1024w, https:\/\/www.perfectbook.it\/readyourlife\/wp-content\/uploads\/2026\/03\/aboca-1-300x200.jpg 300w, https:\/\/www.perfectbook.it\/readyourlife\/wp-content\/uploads\/2026\/03\/aboca-1-768x512.jpg 768w, https:\/\/www.perfectbook.it\/readyourlife\/wp-content\/uploads\/2026\/03\/aboca-1-1536x1025.jpg 1536w, https:\/\/www.perfectbook.it\/readyourlife\/wp-content\/uploads\/2026\/03\/aboca-1-640x427.jpg 640w, https:\/\/www.perfectbook.it\/readyourlife\/wp-content\/uploads\/2026\/03\/aboca-1.jpg 1920w\" sizes=\"auto, (max-width: 1024px) 100vw, 1024px\" \/><\/a><\/figure>\n\n\n\n<p><br><strong>Quale \u00e8 la mission di Aboca in questo tempo cos\u00ec caratterizzato da eventi climatici straordinari che ci parlano di una natura sempre pi\u00f9 a rischio?<\/strong><br><br>La casa editrice nasce con il compito di indagare nel profondo il legame tra noi umani e la natura, studiarne le interconnessioni profonde, offrire approfondimenti e chiavi di lettura autorevoli. Siamo coscienti della necessit\u00e0 costante di un lavoro di eco-alfabetizzazione, e siamo desiderosi di condividere con i lettori questo messaggio. Riflettere sullo stato di salute della Terra &#8211; e quindi anche della nostra salute, perch\u00e9 siamo tutti collegati &#8211; \u00e8 quantomai urgente: perci\u00f2 cerchiamo di proporre contenuti di qualit\u00e0 per stimolare i lettori (dai giovanissimi agli specialisti) su un cambiamento necessario.<\/p>\n\n\n\n<p>Tutte le foto pubblicate nell&#8217;articolo (eccetto quella dei due libri della collana) e nella testata sono state concesse da Aboca Edizioni.  <\/p>\n\n\n\n<p><\/p>\n","protected":false},"excerpt":{"rendered":"<p>Ogni casa editrice compie scelte editoriali che costruiscono un filo rosso volto a dettarne l&#8217;identit\u00e0.&#8230;<\/p>\n<div class=\"more-link-wrapper\"><a class=\"more-link\" href=\"https:\/\/www.perfectbook.it\/readyourlife\/incroci-letterari\/perfectbook-incontra-aboca-edizioni\">Leggi l&#039;articolo<span class=\"screen-reader-text\">PerfectBook incontra Aboca Edizioni<\/span><\/a><\/div>\n","protected":false},"author":33,"featured_media":1511,"comment_status":"open","ping_status":"open","sticky":false,"template":"","format":"standard","meta":{"_monsterinsights_skip_tracking":false,"_monsterinsights_sitenote_active":false,"_monsterinsights_sitenote_note":"","_monsterinsights_sitenote_category":0,"_uf_show_specific_survey":0,"_uf_disable_surveys":false,"footnotes":""},"categories":[127],"tags":[1098,1126,1125,129],"class_list":["post-1508","post","type-post","status-publish","format-standard","has-post-thumbnail","hentry","category-incroci-letterari","tag-aboca-edizioni","tag-collana-editoriale","tag-daniele-pasquini","tag-intervista","excerpt","zoom","full-without-featured","even","excerpt-0"],"aioseo_notices":[],"views":161,"_links":{"self":[{"href":"https:\/\/www.perfectbook.it\/readyourlife\/wp-json\/wp\/v2\/posts\/1508","targetHints":{"allow":["GET"]}}],"collection":[{"href":"https:\/\/www.perfectbook.it\/readyourlife\/wp-json\/wp\/v2\/posts"}],"about":[{"href":"https:\/\/www.perfectbook.it\/readyourlife\/wp-json\/wp\/v2\/types\/post"}],"author":[{"embeddable":true,"href":"https:\/\/www.perfectbook.it\/readyourlife\/wp-json\/wp\/v2\/users\/33"}],"replies":[{"embeddable":true,"href":"https:\/\/www.perfectbook.it\/readyourlife\/wp-json\/wp\/v2\/comments?post=1508"}],"version-history":[{"count":2,"href":"https:\/\/www.perfectbook.it\/readyourlife\/wp-json\/wp\/v2\/posts\/1508\/revisions"}],"predecessor-version":[{"id":1516,"href":"https:\/\/www.perfectbook.it\/readyourlife\/wp-json\/wp\/v2\/posts\/1508\/revisions\/1516"}],"wp:featuredmedia":[{"embeddable":true,"href":"https:\/\/www.perfectbook.it\/readyourlife\/wp-json\/wp\/v2\/media\/1511"}],"wp:attachment":[{"href":"https:\/\/www.perfectbook.it\/readyourlife\/wp-json\/wp\/v2\/media?parent=1508"}],"wp:term":[{"taxonomy":"category","embeddable":true,"href":"https:\/\/www.perfectbook.it\/readyourlife\/wp-json\/wp\/v2\/categories?post=1508"},{"taxonomy":"post_tag","embeddable":true,"href":"https:\/\/www.perfectbook.it\/readyourlife\/wp-json\/wp\/v2\/tags?post=1508"}],"curies":[{"name":"wp","href":"https:\/\/api.w.org\/{rel}","templated":true}]}}