{"id":1439,"date":"2022-08-26T09:00:00","date_gmt":"2022-08-26T07:00:00","guid":{"rendered":"https:\/\/www.perfectbook.it\/readyourlife\/?p=1439"},"modified":"2022-08-25T17:37:45","modified_gmt":"2022-08-25T15:37:45","slug":"perfectbook-incontra-fabio-fiori","status":"publish","type":"post","link":"https:\/\/www.perfectbook.it\/readyourlife\/incroci-letterari\/perfectbook-incontra-fabio-fiori","title":{"rendered":"PerfectBook incontra Fabio Fiori"},"content":{"rendered":"\n<p>Abbiamo letto <em>Isolario italiano<\/em> (ediciclo editore) con curiosit\u00e0, un viaggio sentimentale ed esperienziale tra le isole dello Stivale, ed \u00e8 nato il desiderio di conoscere l&#8217;autore: Fabio Fiori, riminese classe 1967, \u00e8 un marinaio, girovago, scrittore ed insegnante. La sua passione per i paesaggi marini &#8211; e non solo &#8211; lo ha portato a raccontarsi e a raccontarci il mare, dapprima su alcune riviste e poi nei suoi scritti tra cui <em>L\u2019odore del Mare. Piccole camminate lungo le rive mediterranee<\/em> (ediciclo editore). Siamo contenti di aver avuto la possibilit\u00e0 di fare una bella chiacchierata con lui: abbiamo parlato di sogni, speranze e, inevitabilmente, viaggi. <\/p>\n\n\n\n<p>Fabio Fiori \u00e8 capace di far volare chi lo legge o ascolta su mari e isole; ci fa viaggiare mentalmente regalandoci un piccolo senso di libert\u00e0 e speranza, in un periodo in cui persiste la voglia di evadere. Le sue parole mettono pace ed armonia.<\/p>\n\n\n\n<p>(<em>ndr<\/em>: Per contestualizzare meglio l&#8217;intervista sottolineiamo che \u00e8 stata fatta alla fine della scorsa estate, ma proprio per il sapore del libro e delle parole dell&#8217;autore abbiamo atteso una nuova estate per pubblicarla&#8230;) <\/p>\n\n\n\n<p><strong>Come e quando nasce l\u2019Idea di <em>Isolario Italiano<\/em>?<\/strong><\/p>\n\n\n\n<p>Iniziando dal quando sicuramente mi appello a quella che nasce come passione fanciullesca, l\u2019ambiente adriatico nel quale sono cresciuto ne \u00e8 sicuramente complice. Poi, 15 anni fa circa, ho iniziato a scrivere di isole per la rivista <em>Bolina <\/em>che \u00e8 una rivista di culto italiana, di culto in quanto ha un formato e un pubblico particolari legati alla vela, non come attivit\u00e0 sportiva o nel suo fuorviante stereotipo di pratica elitaria, anzi tutto il contrario. <em>Bolina<\/em> \u00e8 una rivista che racconta di una vela alla portata di tutti, una vela come esperienza di vita. All\u2019interno della rivista ho proposto ed incominciato a raccontare le isole in una rubrica che si chiama <em>Insulomania.&nbsp;<\/em>Questa collaborazione \u00e8 tutt\u2019ora attiva, ho raccontato ormai una quarantina circa di isole, sicuramente in modo pi\u00f9 sintetico e oggettivo, cosa che invece nel libro prende un taglio molto molto soggettivo. Una soggettivit\u00e0 fortemente caratterizzata dagli accadimenti pandemici, perch\u00e9 quando ho cominciato a lavorarci in maniera pi\u00f9 stringente \u00e8 accaduto quello che abbiamo vissuto negli ultimi due anni a partire dal febbraio 2020.<\/p>\n\n\n\n<p><strong>Collegandoci agli eventi pandemici e al lockdown, l\u2019hai vissuto lontano dal mare o in qualche modo sei riuscito a \u2018fuggire\u2019?<\/strong><\/p>\n\n\n\n<p>No, non sono fuggito ma ho la fortuna di vivere e avere questa piccola altana, come la definisco io, questo piccolo studio che ha una grande finestra che guarda l\u2019Adriatico, quindi diciamo che la relazione con il mare \u00e8 stata molto stretta anche durante le settimane di chiusura totale. Da un punto di vista visivo ma anche olfattivo e a quel punto immaginifico, quindi, le isole le ho sognate ma con un orizzonte marino presente nel mio quotidiano. Sicuramente una grande fortuna. Bisogna avere consapevolezza delle proprie fortune infatti, che siano mare, colline o paesaggio urbano, l\u2019importante \u00e8 avere gli occhi per vederlo con attenzione e magari cogliere quegli aspetti che in natura contaminano anche quei paesaggi pi\u00f9 antropici.<\/p>\n\n\n\n<p class=\"has-text-align-center\"><img loading=\"lazy\" decoding=\"async\" alt=\"Macintosh HD:Users:sem:Desktop:FabioFiori_2019_FotoLorenzoScaraggi1.jpg\" src=\"https:\/\/lh4.googleusercontent.com\/2cfAoOF-TL18PLb8Uoq0nnOieq-0_FGbNKOGm6QX3nu5cOcZg6nV17h9UmGQQjgq0tj2_qAOUei-rZXiCnICIgDCCXnSybTimG0gzitHKRfMza4RtEf8ZNozpH5DKqFkMmQR-aWuNfPVvrGpWWE_tQ\" width=\"684\" height=\"384\"><\/p>\n\n\n\n<p><strong>Quale \u00e8 stato il primo viaggio in assoluto che hai fatto che ti ha suscitato una forte emozione?<\/strong><\/p>\n\n\n\n<p>Anche qui vado a ripescare nella memoria che \u00e8 sempre molto suscettibile ai venti, alle voglie, quindi non solo come accezione atmosferica. Probabilmente il mio primo viaggio \u00e8 stato proprio un viaggio in prossimit\u00e0, fatto da bambino lungo le rive dell\u2019Adriatico dove non ho solo conosciuto il mare ma anche i marinai. Ripercorro cos\u00ec i pochi metri che da casa mia mi avvicinano al mare, questa penso sia stata la mia prima &#8220;navigazione&#8221;, in quanto scoperta non solo di bambino ma anche di adulto e persona matura. Mi piace dire, soprattutto in un momento come questo, che pi\u00f9 che geografia esotica dovremmo riscoprire una geografia erotica, sensoriale con l\u2019ambiente.<\/p>\n\n\n\n<p><strong>Il prossimo viaggio?<\/strong><\/p>\n\n\n\n<p>Mi contraddico rispetto alla risposta precedente in quanto ho in previsione un viaggio a pi\u00f9 lontano orizzonte geografico, vorrei scoprire e conoscere un\u2019isola remota per me, Cipro nel Mediterraneo orientale. Un viaggio che ho dovuto rimandare a causa della pandemia, un viaggio che sogno da anni, nel senso che al di l\u00e0 del trasferimento aereo, percorrer\u00f2 da solo a piedi e in bici per questa idea di relazione carnale con i luoghi. \u00c8 fondamentale la scelta di come affrontare il percorso; e, soprattutto, chiss\u00e0 se l\u2019Isola cara ad Afrodite sar\u00e0 disponibile a rivelarsi.<\/p>\n\n\n\n<p><strong>Rispetto al libro, qual \u00e8 l\u2019isola, tra quelle citate, alla quale sei sentimentalmente pi\u00f9 legato, se ce n&#8217;\u00e9 una?<\/strong><\/p>\n\n\n\n<p>Devo dirti che come tutti i migratori io ho una fortissima stagionalit\u00e0, quindi le mie preferenze sono di carattere stagionale, significa che la tua domanda di oggi riceverebbe una risposta completamente diversa se tu me la formulassi in autunno o magari d\u2019inverno. In una giornata come quella di oggi, in un contesto come questo, in queste ferie d\u2019agosto che affollano esageratamente i mari d\u2019Italia, forse oggi la mia isola del cuore \u00e8 la Ferdinandea che compare e scompare e quindi mi basterebbe navigare sopra e non in direzione dell\u2019isola, facendomi trasportare dai venti e vedere affiorare la secca del canale di Sicilia e magari tutto ci\u00f2 che gli scrittori e pittori dell\u2019Ottocento ci hanno lasciato di quella incredibile apparizione. Un\u2019isola in cui tanti hanno cercato di mettere bandiera, ma poi improvvisamente cos\u00ec come \u00e8 comparsa \u00e8 scomparsa, una meravigliosa metafora dei luoghi che d\u2019estate diciamo sono sovraffollati mentre in autunno e in inverno sono desolati.<\/p>\n\n\n\n<hr class=\"wp-block-separator\"\/>\n\n\n\n<h2 class=\"wp-block-heading\">Articoli precedenti<\/h2>\n\n\n<ul class=\"wp-block-latest-posts__list is-grid columns-3 wp-block-latest-posts\"><li><div class=\"wp-block-latest-posts__featured-image aligncenter\"><a href=\"https:\/\/www.perfectbook.it\/readyourlife\/senza-categoria\/perfectbook-incontra-stefano-motta\" aria-label=\"PerfectBook incontra Stefano Motta\"><img loading=\"lazy\" decoding=\"async\" width=\"150\" height=\"150\" src=\"https:\/\/www.perfectbook.it\/readyourlife\/wp-content\/uploads\/2026\/04\/PerfectBook-Incroci-Letterari-150x150.png\" class=\"attachment-thumbnail size-thumbnail wp-post-image\" alt=\"\" style=\"max-width:150px;max-height:150px;\" \/><\/a><\/div><a class=\"wp-block-latest-posts__post-title\" href=\"https:\/\/www.perfectbook.it\/readyourlife\/senza-categoria\/perfectbook-incontra-stefano-motta\">PerfectBook incontra Stefano Motta<\/a><\/li>\n<li><div class=\"wp-block-latest-posts__featured-image aligncenter\"><a href=\"https:\/\/www.perfectbook.it\/readyourlife\/incroci-letterari\/perfectbook-incontra-aboca-edizioni\" aria-label=\"PerfectBook incontra Aboca Edizioni\"><img loading=\"lazy\" decoding=\"async\" width=\"150\" height=\"150\" src=\"https:\/\/www.perfectbook.it\/readyourlife\/wp-content\/uploads\/2026\/03\/PerfectBook-Incroci-Letterari-150x150.png\" class=\"attachment-thumbnail size-thumbnail wp-post-image\" alt=\"\" style=\"max-width:150px;max-height:150px;\" \/><\/a><\/div><a class=\"wp-block-latest-posts__post-title\" href=\"https:\/\/www.perfectbook.it\/readyourlife\/incroci-letterari\/perfectbook-incontra-aboca-edizioni\">PerfectBook incontra Aboca Edizioni<\/a><\/li>\n<li><div class=\"wp-block-latest-posts__featured-image aligncenter\"><a href=\"https:\/\/www.perfectbook.it\/readyourlife\/incroci-letterari\/perfectbook-incontra-valentina-federici\" aria-label=\"PerfectBook incontra Valentina Federici\"><img loading=\"lazy\" decoding=\"async\" width=\"150\" height=\"150\" src=\"https:\/\/www.perfectbook.it\/readyourlife\/wp-content\/uploads\/2025\/08\/PerfectBook-Incroci-Letterari-2-150x150.png\" class=\"attachment-thumbnail size-thumbnail wp-post-image\" alt=\"\" style=\"max-width:150px;max-height:150px;\" \/><\/a><\/div><a class=\"wp-block-latest-posts__post-title\" href=\"https:\/\/www.perfectbook.it\/readyourlife\/incroci-letterari\/perfectbook-incontra-valentina-federici\">PerfectBook incontra Valentina Federici<\/a><\/li>\n<li><div class=\"wp-block-latest-posts__featured-image aligncenter\"><a href=\"https:\/\/www.perfectbook.it\/readyourlife\/incroci-letterari\/perfectbook-incontra-tiziana-rinaldi-castro\" aria-label=\"PerfectBook incontra Tiziana Rinaldi Castro\"><img loading=\"lazy\" decoding=\"async\" width=\"150\" height=\"150\" src=\"https:\/\/www.perfectbook.it\/readyourlife\/wp-content\/uploads\/2025\/04\/PerfectBook-Incroci-Letterari-150x150.png\" class=\"attachment-thumbnail size-thumbnail wp-post-image\" alt=\"\" style=\"max-width:150px;max-height:150px;\" \/><\/a><\/div><a class=\"wp-block-latest-posts__post-title\" href=\"https:\/\/www.perfectbook.it\/readyourlife\/incroci-letterari\/perfectbook-incontra-tiziana-rinaldi-castro\">PerfectBook incontra Tiziana Rinaldi Castro<\/a><\/li>\n<li><div class=\"wp-block-latest-posts__featured-image aligncenter\"><a href=\"https:\/\/www.perfectbook.it\/readyourlife\/incroci-letterari\/perfectbook-incontra-giulia-muscatelli\" aria-label=\"PerfectBook incontra Giulia Muscatelli\"><img loading=\"lazy\" decoding=\"async\" width=\"150\" height=\"150\" src=\"https:\/\/www.perfectbook.it\/readyourlife\/wp-content\/uploads\/2025\/03\/PB-Incroci-Letterari-Muscatelli-150x150.png\" class=\"attachment-thumbnail size-thumbnail wp-post-image\" alt=\"\" style=\"max-width:150px;max-height:150px;\" \/><\/a><\/div><a class=\"wp-block-latest-posts__post-title\" href=\"https:\/\/www.perfectbook.it\/readyourlife\/incroci-letterari\/perfectbook-incontra-giulia-muscatelli\">PerfectBook incontra Giulia Muscatelli<\/a><\/li>\n<li><div class=\"wp-block-latest-posts__featured-image aligncenter\"><a href=\"https:\/\/www.perfectbook.it\/readyourlife\/incroci-letterari\/perfectbook-incontra-francesco-faraci\" aria-label=\"PerfectBook incontra Francesco Faraci\"><img loading=\"lazy\" decoding=\"async\" width=\"150\" height=\"150\" src=\"https:\/\/www.perfectbook.it\/readyourlife\/wp-content\/uploads\/2025\/02\/PerfectBook-incontra-Francesco-Faraci-150x150.png\" class=\"attachment-thumbnail size-thumbnail wp-post-image\" alt=\"\" style=\"max-width:150px;max-height:150px;\" \/><\/a><\/div><a class=\"wp-block-latest-posts__post-title\" href=\"https:\/\/www.perfectbook.it\/readyourlife\/incroci-letterari\/perfectbook-incontra-francesco-faraci\">PerfectBook incontra Francesco Faraci<\/a><\/li>\n<\/ul>","protected":false},"excerpt":{"rendered":"<p>Abbiamo letto Isolario italiano (ediciclo editore) con curiosit\u00e0, un viaggio sentimentale ed esperienziale tra le&#8230;<\/p>\n<div class=\"more-link-wrapper\"><a class=\"more-link\" href=\"https:\/\/www.perfectbook.it\/readyourlife\/incroci-letterari\/perfectbook-incontra-fabio-fiori\">Leggi l&#039;articolo<span class=\"screen-reader-text\">PerfectBook incontra Fabio Fiori<\/span><\/a><\/div>\n","protected":false},"author":32,"featured_media":1442,"comment_status":"open","ping_status":"open","sticky":false,"template":"","format":"standard","meta":{"_monsterinsights_skip_tracking":false,"_monsterinsights_sitenote_active":false,"_monsterinsights_sitenote_note":"","_monsterinsights_sitenote_category":0,"_uf_show_specific_survey":0,"_uf_disable_surveys":false,"footnotes":""},"categories":[127],"tags":[85,1107,1108,659,566],"class_list":["post-1439","post","type-post","status-publish","format-standard","has-post-thumbnail","hentry","category-incroci-letterari","tag-ediciclo","tag-fabio-fiori","tag-isolario-italiano","tag-isole","tag-viaggio","excerpt","zoom","full-without-featured","even","excerpt-0"],"aioseo_notices":[],"views":1884,"_links":{"self":[{"href":"https:\/\/www.perfectbook.it\/readyourlife\/wp-json\/wp\/v2\/posts\/1439","targetHints":{"allow":["GET"]}}],"collection":[{"href":"https:\/\/www.perfectbook.it\/readyourlife\/wp-json\/wp\/v2\/posts"}],"about":[{"href":"https:\/\/www.perfectbook.it\/readyourlife\/wp-json\/wp\/v2\/types\/post"}],"author":[{"embeddable":true,"href":"https:\/\/www.perfectbook.it\/readyourlife\/wp-json\/wp\/v2\/users\/32"}],"replies":[{"embeddable":true,"href":"https:\/\/www.perfectbook.it\/readyourlife\/wp-json\/wp\/v2\/comments?post=1439"}],"version-history":[{"count":3,"href":"https:\/\/www.perfectbook.it\/readyourlife\/wp-json\/wp\/v2\/posts\/1439\/revisions"}],"predecessor-version":[{"id":1445,"href":"https:\/\/www.perfectbook.it\/readyourlife\/wp-json\/wp\/v2\/posts\/1439\/revisions\/1445"}],"wp:featuredmedia":[{"embeddable":true,"href":"https:\/\/www.perfectbook.it\/readyourlife\/wp-json\/wp\/v2\/media\/1442"}],"wp:attachment":[{"href":"https:\/\/www.perfectbook.it\/readyourlife\/wp-json\/wp\/v2\/media?parent=1439"}],"wp:term":[{"taxonomy":"category","embeddable":true,"href":"https:\/\/www.perfectbook.it\/readyourlife\/wp-json\/wp\/v2\/categories?post=1439"},{"taxonomy":"post_tag","embeddable":true,"href":"https:\/\/www.perfectbook.it\/readyourlife\/wp-json\/wp\/v2\/tags?post=1439"}],"curies":[{"name":"wp","href":"https:\/\/api.w.org\/{rel}","templated":true}]}}