{"id":1145,"date":"2020-04-06T09:00:00","date_gmt":"2020-04-06T07:00:00","guid":{"rendered":"http:\/\/www.perfectbook.it\/readyourlife\/?p=1145"},"modified":"2020-04-05T15:35:12","modified_gmt":"2020-04-05T13:35:12","slug":"a-cosa-serve-l-arte","status":"publish","type":"post","link":"https:\/\/www.perfectbook.it\/readyourlife\/attraverso-lo-specchio\/a-cosa-serve-l-arte","title":{"rendered":"#acosaservelarte"},"content":{"rendered":"\n<p>In queste giornate che definire difficili \u00e8\npoco, giornate senza definizione in cui a molti tocca lottare per la propria\nvita o quella degli altri non \u00e8 semplice mantenere intatta la lucidit\u00e0 n\u00e9 la\nsperanza. Eppure, sono convinta che, per chi, come \u00e8 il mio caso in questo\nmomento, \u00e8 tenuto a stare a casa e rischia di sentirsi impotente rispetto a\ntutto questo, sia molto importante continuare a riflettere, leggere, pensare,\nascoltare e, detto a bassa voce, anche un po\u2019 sognare un tempo forse lontano ma\ncerto diverso e speriamo in qualche aspetto un po\u2019 migliore.<\/p>\n\n\n\n<p>Ci vuole prudenza, ci vuole rispetto per\nquanto di pi\u00f9 lugubre ci sta succedendo attorno e ci vuole una forte dose di\nresistenza per conservare l\u2019energia che serve ad aprire i libri, ad esempio, in\nquesto periodo. O per ascoltare musica, vedere film, ammirare dipinti, in\ngenerale fruire dell\u2019arte nella sua bellezza. La parola chiave, infatti, \u00e8\n\u201cutilit\u00e0\u201d. In questa crisi ed emergenza internazionale, solo ci\u00f2 che \u00e8 davvero\nutile conta per la sopravvivenza. E siamo giustamente tutti concentrati su\nquesto. Cibo, igiene, farmaci, strumentazioni mediche e l\u2019istruzione che prova a\ntenere duro. <\/p>\n\n\n\n<p>Ma in tutto questo, l\u2019arte che senso pu\u00f2\nancora avere? La letteratura? Il disegno? La danza? La musica? Il cinema? I\nradiodrammi? <\/p>\n\n\n\n<p>Ci ho riflettuto seppure nei pochi e\nrisicati momenti di calma che questa strana vita ci sta lasciando tra paure,\nimpegni e il continuo compulsare dati e notizie. <\/p>\n\n\n\n<p>E la risposta a quella domanda di senso mi\n\u00e8 arrivata, come sempre, da un libro. E non un libro qualsiasi, bens\u00ec un albo\nillustrato per bambini. <\/p>\n\n\n\n<p>Ci \u00e8 stato regalato alla nascita di Agnese,\nla mia bimba che ha poco pi\u00f9 di un anno. E quando l\u2019ho letto la prima volta mi\nsono sentita bene, felice, come se una bussola mi indicasse la direzione giusta\nin cui andare. L\u2019ho riaperto in questi giorni e mi ha commossa ancora di pi\u00f9. <\/p>\n\n\n\n<p>Si tratta di <em><a href=\"https:\/\/amzn.to\/34aWFVy\" target=\"_blank\" rel=\"noreferrer noopener\" aria-label=\"Federico (opens in a new tab)\">Federico<\/a><\/em> di Leo Lionni edito da <em><a href=\"http:\/\/www.babalibri.it\/\" target=\"_blank\" rel=\"noreferrer noopener\" aria-label=\"Babalibri (opens in a new tab)\">Babalibri<\/a><\/em>. \u00c8 la storia di cinque topini di campagna che, rimasti soli in un granaio abbandonato dai contadini che se ne prendevano cura, sono costretti a prepararsi con le proprie forze all\u2019arrivo del rigido inverno. In quattro si mettono subito al lavoro per raccogliere grano e noci, fieno e bacche. Ma ce n\u2019\u00e8 uno, Federico, all\u2019apparenza sonnolento e immobile, che non fa nulla., <\/p>\n\n\n\n<blockquote class=\"wp-block-quote is-layout-flow wp-block-quote-is-layout-flow\"><p>\u201cStai sognando, Federico?\u201d gli chiesero con tono di rimprovero. <\/p><p>Federico rispose: \u201cOh, no! Raccolgo le parole. Le giornate d\u2019inverno sono tante e lunghe. Rimarremo senza nulla da dirci\u201d.<\/p><\/blockquote>\n\n\n\n<div class=\"wp-block-image\"><figure class=\"alignright size-medium is-resized\"><img loading=\"lazy\" decoding=\"async\" src=\"https:\/\/www.perfectbook.it\/readyourlife\/wp-content\/uploads\/2020\/04\/Federico_cover-1-242x300.jpg\" alt=\"\" class=\"wp-image-1155\" width=\"240\" height=\"297\" srcset=\"https:\/\/www.perfectbook.it\/readyourlife\/wp-content\/uploads\/2020\/04\/Federico_cover-1-242x300.jpg 242w, https:\/\/www.perfectbook.it\/readyourlife\/wp-content\/uploads\/2020\/04\/Federico_cover-1-826x1024.jpg 826w, https:\/\/www.perfectbook.it\/readyourlife\/wp-content\/uploads\/2020\/04\/Federico_cover-1-768x952.jpg 768w, https:\/\/www.perfectbook.it\/readyourlife\/wp-content\/uploads\/2020\/04\/Federico_cover-1-1239x1536.jpg 1239w, https:\/\/www.perfectbook.it\/readyourlife\/wp-content\/uploads\/2020\/04\/Federico_cover-1-1652x2048.jpg 1652w, https:\/\/www.perfectbook.it\/readyourlife\/wp-content\/uploads\/2020\/04\/Federico_cover-1-640x794.jpg 640w\" sizes=\"auto, (max-width: 240px) 100vw, 240px\" \/><figcaption>Copertina di <em>Federico<\/em><\/figcaption><\/figure><\/div>\n\n\n\n<p>E non raccoglie solo parole, il presunto scansa fatiche Federico, ma anche raggi di sole, colori, insomma, fa scorte di bellezza. Inutile dire che non lo prendano proprio sul serio e anzi lo snobbano un po\u2019. Ma lui aspetta e resiste, facendo la sua piccola e invisibile parte ogni giorno. <\/p>\n\n\n\n<p>Quando poi l\u2019inverno arriva, le scorte\nalimentari scarseggiano e con esse anche le storielle che i quattro si\nraccontano per passare il tempo, Federico prende servizio. \u201cChiudete gli\nocchi\u201d, dice e, salendo su un sasso, comincia a raccontare, a evocare tutte\nquelle cose che adesso mancano e a recitare i suoi versi e finalmente gli amici\nsi riscaldano alle sue parole.\n\nEcco a cosa \u201cservono\u201d i libri, le storie, le note,\ni colori! Servono ancora. Adesso, per quel che si pu\u00f2 e soprattutto, io credo,\nserviranno dopo. Dopo i beni primari, questo \u00e8 certo, ma dopo anche in senso\ncronologico: ci sar\u00e0 il tempo, spero, di una ricostruzione delle nostre vite e\nallora l\u2019arte ci verr\u00e0 incontro, ci scalder\u00e0 e ci dar\u00e0 una prospettiva che\nadesso ci sembra tanto offuscata; ci restituir\u00e0 una sorta di consolazione e\nforse, mi piacerebbe, anche una scintilla di malinconica, nostalgica allegria.\n\n\n\n<\/p>\n","protected":false},"excerpt":{"rendered":"<p>In queste giornate che definire difficili \u00e8 poco, giornate senza definizione in cui a molti&#8230;<\/p>\n<div class=\"more-link-wrapper\"><a class=\"more-link\" href=\"https:\/\/www.perfectbook.it\/readyourlife\/attraverso-lo-specchio\/a-cosa-serve-l-arte\">Leggi l&#039;articolo<span class=\"screen-reader-text\">#acosaservelarte<\/span><\/a><\/div>\n","protected":false},"author":3,"featured_media":1150,"comment_status":"open","ping_status":"open","sticky":false,"template":"","format":"standard","meta":{"_monsterinsights_skip_tracking":false,"_monsterinsights_sitenote_active":false,"_monsterinsights_sitenote_note":"","_monsterinsights_sitenote_category":0,"_uf_show_specific_survey":0,"_uf_disable_surveys":false,"footnotes":""},"categories":[4],"tags":[923,329,509,926,927,912,928,925,924],"class_list":["post-1145","post","type-post","status-publish","format-standard","has-post-thumbnail","hentry","category-attraverso-lo-specchio","tag-acosaservelarte","tag-arte","tag-babalibri","tag-coronavirus","tag-covid19","tag-federico","tag-futuro","tag-leo-lionni","tag-utilita","excerpt","zoom","full-without-featured","even","excerpt-0"],"aioseo_notices":[],"views":2212,"_links":{"self":[{"href":"https:\/\/www.perfectbook.it\/readyourlife\/wp-json\/wp\/v2\/posts\/1145","targetHints":{"allow":["GET"]}}],"collection":[{"href":"https:\/\/www.perfectbook.it\/readyourlife\/wp-json\/wp\/v2\/posts"}],"about":[{"href":"https:\/\/www.perfectbook.it\/readyourlife\/wp-json\/wp\/v2\/types\/post"}],"author":[{"embeddable":true,"href":"https:\/\/www.perfectbook.it\/readyourlife\/wp-json\/wp\/v2\/users\/3"}],"replies":[{"embeddable":true,"href":"https:\/\/www.perfectbook.it\/readyourlife\/wp-json\/wp\/v2\/comments?post=1145"}],"version-history":[{"count":4,"href":"https:\/\/www.perfectbook.it\/readyourlife\/wp-json\/wp\/v2\/posts\/1145\/revisions"}],"predecessor-version":[{"id":1156,"href":"https:\/\/www.perfectbook.it\/readyourlife\/wp-json\/wp\/v2\/posts\/1145\/revisions\/1156"}],"wp:featuredmedia":[{"embeddable":true,"href":"https:\/\/www.perfectbook.it\/readyourlife\/wp-json\/wp\/v2\/media\/1150"}],"wp:attachment":[{"href":"https:\/\/www.perfectbook.it\/readyourlife\/wp-json\/wp\/v2\/media?parent=1145"}],"wp:term":[{"taxonomy":"category","embeddable":true,"href":"https:\/\/www.perfectbook.it\/readyourlife\/wp-json\/wp\/v2\/categories?post=1145"},{"taxonomy":"post_tag","embeddable":true,"href":"https:\/\/www.perfectbook.it\/readyourlife\/wp-json\/wp\/v2\/tags?post=1145"}],"curies":[{"name":"wp","href":"https:\/\/api.w.org\/{rel}","templated":true}]}}